{"id":2532,"date":"2025-03-27T20:10:33","date_gmt":"2025-03-27T18:10:33","guid":{"rendered":"https:\/\/www.godsutera.it\/?p=2532"},"modified":"2025-03-27T20:20:18","modified_gmt":"2025-03-27T18:20:18","slug":"sutera-e-svelata-dallassociazione-g-o-d","status":"publish","type":"post","link":"https:\/\/www.godsutera.it\/index.php\/2025\/03\/27\/sutera-e-svelata-dallassociazione-g-o-d\/","title":{"rendered":"Sutera \u00e8 \u2026 svelata dall\u2019associazione G.O.D.!"},"content":{"rendered":"\n<p><\/p>\n\n\n\n<p>L\u2019associazione G.O.D. (Gruppo Onuri e Dignit\u00e0), da pi\u00f9 di 35 anni protagonista di attivit\u00e0 culturali e di intrattenimento non solo nel territorio Suterese ma su tutto quello Siciliano, \u00e8 felice di presentare il suo nuovo progetto: SUTERA SVELATA!<!--more--><\/p>\n\n\n\n<p>Una volta al mese, per i prossimi 12 mesi, sulle pagine Instagram (<a href=\"https:\/\/instagram.com\/suterasvelata\" target=\"_blank\" rel=\"noreferrer noopener\">https:\/\/instagram.com\/suterasvelata<\/a>) e TikTok (<a href=\"https:\/\/tiktok.com\/@suterasvelata\" target=\"_blank\" rel=\"noreferrer noopener\">https:\/\/tiktok.com\/@suterasvelata<\/a>) create per l\u2019occasione, verranno pubblicati fantastici reels che, come dice il nome del progetto, \u201cSveleranno\u201d il paese suterese.<\/p>\n\n\n\n<p>Come? Parlando di storie, cultura, stranezze e curiosit\u00e0 che riguardano proprio Sutera, cos\u00ec da far conoscere meglio il proprio paese a chi lo vive, raggiungendo al tempo stesso un pubblico molto pi\u00f9 vasto in Sicilia ed in Italia. Soprattutto fra i giovani!<\/p>\n\n\n\n<p>Il Team GOD composto da Martina Chiparo, Onofrio Ingrasc\u00ec, Emanuele Ippolito, Francesco Pardi e Nino Pardi che sar\u00e0 destinato ad ampliarsi, si sta occupando della creazione dei video che puntano a realizzare contenuti sempre migliori da condividere, e \u2026 chi lo sa? Magari \u201cSutera svelata\u201d potrebbe essere il primo di tanti progetti di questo genere.<\/p>\n\n\n\n<p>La GOD \u00e8 infatti aperta a collaborazioni e sponsorizzazioni, utili a garantire non soltanto visibilit\u00e0 a chi vuole contribuire, ma anche la possibilit\u00e0 di supportare la realizzazione di un progetto che permetter\u00e0 a tantissime persone di conoscere meglio Sutera.<\/p>\n\n\n\n<p>L\u2019appuntamento con \u201cSutera Svelata\u201d sar\u00e0 ogni 27 del mese, a partire da Marzo 2025.<\/p>\n\n\n\n<p>Per non perdervela, vi consigliamo di iniziare subito a seguire le pagine \u201cSutera svelata\u201d su Instagram e TikTok.<\/p>\n\n\n\n<figure class=\"wp-block-image size-full\"><img loading=\"lazy\" decoding=\"async\" width=\"250\" height=\"250\" src=\"https:\/\/www.godsutera.it\/wp-content\/uploads\/2025\/03\/LogoSuteraSvelataT.jpg\" alt=\"Sutera Svelata\" class=\"wp-image-2538\" srcset=\"https:\/\/www.godsutera.it\/wp-content\/uploads\/2025\/03\/LogoSuteraSvelataT.jpg 250w, https:\/\/www.godsutera.it\/wp-content\/uploads\/2025\/03\/LogoSuteraSvelataT-150x150.jpg 150w, https:\/\/www.godsutera.it\/wp-content\/uploads\/2025\/03\/LogoSuteraSvelataT-116x116.jpg 116w\" sizes=\"auto, (max-width: 250px) 100vw, 250px\" \/><\/figure>\n","protected":false},"excerpt":{"rendered":"<p>L\u2019associazione G.O.D. (Gruppo Onuri e Dignit\u00e0), da pi\u00f9 di 35 anni protagonista di attivit\u00e0 culturali e di intrattenimento non solo &hellip; <a href=\"https:\/\/www.godsutera.it\/index.php\/2025\/03\/27\/sutera-e-svelata-dallassociazione-g-o-d\/\" class=\"more-link\">Continue reading <span class=\"screen-reader-text\">Sutera \u00e8 \u2026 svelata dall\u2019associazione G.O.D.!<\/span><\/a><\/p>\n","protected":false},"author":5,"featured_media":0,"comment_status":"closed","ping_status":"closed","sticky":false,"template":"","format":"standard","meta":{"footnotes":""},"categories":[154,14,157],"tags":[189,188,185,186,182,190,187,191,184],"class_list":["post-2532","post","type-post","status-publish","format-standard","hentry","category-cultura-1","category-news","category-territorio-1","tag-curiosita","tag-emanuele-alongi","tag-francesco-pardi","tag-martina-chiparo","tag-nino-pardi","tag-notizie","tag-onofrio-ingrasci","tag-promozione-territorio","tag-sutera-svelata"],"_links":{"self":[{"href":"https:\/\/www.godsutera.it\/index.php\/wp-json\/wp\/v2\/posts\/2532","targetHints":{"allow":["GET"]}}],"collection":[{"href":"https:\/\/www.godsutera.it\/index.php\/wp-json\/wp\/v2\/posts"}],"about":[{"href":"https:\/\/www.godsutera.it\/index.php\/wp-json\/wp\/v2\/types\/post"}],"author":[{"embeddable":true,"href":"https:\/\/www.godsutera.it\/index.php\/wp-json\/wp\/v2\/users\/5"}],"replies":[{"embeddable":true,"href":"https:\/\/www.godsutera.it\/index.php\/wp-json\/wp\/v2\/comments?post=2532"}],"version-history":[{"count":5,"href":"https:\/\/www.godsutera.it\/index.php\/wp-json\/wp\/v2\/posts\/2532\/revisions"}],"predecessor-version":[{"id":2541,"href":"https:\/\/www.godsutera.it\/index.php\/wp-json\/wp\/v2\/posts\/2532\/revisions\/2541"}],"wp:attachment":[{"href":"https:\/\/www.godsutera.it\/index.php\/wp-json\/wp\/v2\/media?parent=2532"}],"wp:term":[{"taxonomy":"category","embeddable":true,"href":"https:\/\/www.godsutera.it\/index.php\/wp-json\/wp\/v2\/categories?post=2532"},{"taxonomy":"post_tag","embeddable":true,"href":"https:\/\/www.godsutera.it\/index.php\/wp-json\/wp\/v2\/tags?post=2532"}],"curies":[{"name":"wp","href":"https:\/\/api.w.org\/{rel}","templated":true}]}}