{"id":2426,"date":"2022-08-19T10:48:00","date_gmt":"2022-08-19T08:48:00","guid":{"rendered":"https:\/\/www.godsutera.it\/?p=2426"},"modified":"2022-09-05T11:57:05","modified_gmt":"2022-09-05T09:57:05","slug":"presentazione-del-restauro","status":"publish","type":"post","link":"https:\/\/www.godsutera.it\/index.php\/2022\/08\/19\/presentazione-del-restauro\/","title":{"rendered":"Presentazione del Restauro"},"content":{"rendered":"<p align=\"justify\"><span style=\"font-size: medium;\">Si \u00e8 svolta gioved\u00ec 18 agosto 2022 all\u2019Auditorium Comunale di Sutera, la presentazione dei lavori di restauro della Cappella rupestre San Marco. <\/span><\/p>\n<p align=\"justify\"><span style=\"font-size: medium;\">Si \u00e8 trattato di un progetto ambizioso iniziato a maggio 2020, in piena pandemia, e concluso a giugno del 2022, scaturito da un\u2019unione di intenti tra l\u2019amministrazione pubblica, il soggetto privato e l\u2019associazionismo.<\/span><!--more--><\/p>\n<p align=\"justify\"><span style=\"font-size: medium;\">Un protocollo d\u2019intesa tra il Comune di Sutera, il proprietario della cappella, sig. Vincenzo Turone, l\u2019ass<\/span><span style=\"font-size: medium;\">ociazione<\/span><span style=\"font-size: medium;\"> G.O.D. e <\/span><span style=\"font-size: medium;\">successivamente l\u2019Universit\u00e0 di Palermo con il Dipartimento di Scienze della Terra e del Mare, ha permesso un lavoro sinergico che ha portato ad una raccolta fondi per finanziare il progetto di restauro effettuato egregiamente dalla Dott.ssa Belinda Giambra<\/span>.<\/p>\n<p align=\"justify\"><span style=\"font-size: medium;\">La raccolta fondi <\/span><span style=\"font-size: medium;\">online<\/span><span style=\"font-size: medium;\">, <\/span><span style=\"font-size: medium;\">ideata e<\/span> <span style=\"font-size: medium;\">promossa dalla nostra associazione,<\/span><span style=\"font-size: medium;\"> \u00e8 stata la novit\u00e0 straordinaria che ha coinvolto quasi tutti i suteresi, i suteresi <\/span><span style=\"font-size: medium;\">sparsi <\/span><span style=\"font-size: medium;\">nel mondo e anche <\/span><span style=\"font-size: medium;\">persone non direttamente legate a Sutera ma che, per amore<\/span><span style=\"font-size: medium;\"> dell\u2019<\/span><span style=\"font-size: medium;\">arte e per premiare l\u2019ardore con cui facevamo conoscere questa iniziativa, hanno voluto dare il proprio contributo <\/span><span style=\"font-size: medium;\">\u2013 dice il Dott. Nino Pardi nel suo intervento \u2013 una raccolta che si \u00e8 integrata con alcune donazioni ben consistenti da parte di privati, aziende e associazioni locali.<\/span><\/p>\n<p align=\"justify\"><span style=\"font-size: medium;\">Il primo intervento di saluti \u00e8 stato quello della vicesindaco Dott.ssa Giovannella Difrancesco che ha ribadito come la collaborazione stretta tra il pubblico e il privato porti a risultati <\/span><span style=\"font-size: medium;\">notevoli<\/span><span style=\"font-size: medium;\"> e che proprio questo modello potrebbe essere riportato in altre iniziative che interessano la comunit\u00e0.<\/span><\/p>\n\n\n<figure class=\"wp-block-image size-full\"><img loading=\"lazy\" decoding=\"async\" width=\"960\" height=\"834\" src=\"https:\/\/www.godsutera.it\/wp-content\/uploads\/2022\/09\/FotoPresidente-1.jpg\" alt=\"\" class=\"wp-image-2441\" srcset=\"https:\/\/www.godsutera.it\/wp-content\/uploads\/2022\/09\/FotoPresidente-1.jpg 960w, https:\/\/www.godsutera.it\/wp-content\/uploads\/2022\/09\/FotoPresidente-1-300x261.jpg 300w, https:\/\/www.godsutera.it\/wp-content\/uploads\/2022\/09\/FotoPresidente-1-768x667.jpg 768w, https:\/\/www.godsutera.it\/wp-content\/uploads\/2022\/09\/FotoPresidente-1-134x116.jpg 134w\" sizes=\"auto, (max-width: 960px) 100vw, 960px\" \/><figcaption>Intervento del presidente Pino Chiparo<\/figcaption><\/figure>\n\n\n<p align=\"justify\">E\u2019 seguito l\u2019intervento del Presidente dell\u2019associazione Arch. Pino Chiparo che ha scandito tutte le principali fasi (firma del protocollo, nullaosta della Soprintendenza, varie analisi del luogo) che dal 2020 al 2022 hanno portato alla conclusione dei lavori, sottolineando la sensibilit\u00e0 della Soprintendente ai Beni Culturali e Ambientali di Caltanissetta, Arch. Daniela Vullo, che ha supervisionato e incoraggiato tutta l\u2019iniziativa.<\/p>\n<p align=\"justify\">Per ultimo l\u2019intervento della Dott. Belinda Giambra, restauratrice degli affreschi, la quale ha documentato tutte le fasi del restauro con delle slide che hanno mostrato il lavoro fatto con perizia permettendo di aprire nuovi scenari sulla interpretazione delle icone rappresentate.<\/p>\n<p align=\"justify\">Ha svolto il ruolo di moderatore l\u2019Avv. Carmelo Salamone che \u00e8 stato uno degli artefici di tutto il progetto e che ha ribadito che un altro tassello a favore della fruibilit\u00e0 turistica del luogo \u00e8 stato collocato a Sutera ricordando pure la disponibilit\u00e0 e sensibilit\u00e0 del proprietario sig. Vincenzo Turone.<\/p>\n\n\n<figure class=\"wp-block-image size-large\"><img loading=\"lazy\" decoding=\"async\" width=\"1024\" height=\"682\" src=\"https:\/\/www.godsutera.it\/wp-content\/uploads\/2022\/09\/Foto2-1024x682.jpg\" alt=\"\" class=\"wp-image-2434\" srcset=\"https:\/\/www.godsutera.it\/wp-content\/uploads\/2022\/09\/Foto2-1024x682.jpg 1024w, https:\/\/www.godsutera.it\/wp-content\/uploads\/2022\/09\/Foto2-300x200.jpg 300w, https:\/\/www.godsutera.it\/wp-content\/uploads\/2022\/09\/Foto2-768x512.jpg 768w, https:\/\/www.godsutera.it\/wp-content\/uploads\/2022\/09\/Foto2-1536x1023.jpg 1536w, https:\/\/www.godsutera.it\/wp-content\/uploads\/2022\/09\/Foto2-174x116.jpg 174w, https:\/\/www.godsutera.it\/wp-content\/uploads\/2022\/09\/Foto2.jpg 1600w\" sizes=\"auto, (max-width: 1024px) 100vw, 1024px\" \/><figcaption>I partecipanti alla presentazione<\/figcaption><\/figure>\n\n\n<p align=\"justify\">Un eccezionale risultato da parte della comunit\u00e0 suterese, un esempio esportabile dove il risultato, malgrado la pandemia, \u00e8 da ritenersi tempestivo e soprattutto qualitativamente ottimo.<\/p>\n\n\n<figure class=\"wp-block-image size-large\"><img loading=\"lazy\" decoding=\"async\" width=\"1024\" height=\"682\" src=\"https:\/\/www.godsutera.it\/wp-content\/uploads\/2022\/09\/Foto3-1024x682.jpg\" alt=\"\" class=\"wp-image-2437\" srcset=\"https:\/\/www.godsutera.it\/wp-content\/uploads\/2022\/09\/Foto3-1024x682.jpg 1024w, https:\/\/www.godsutera.it\/wp-content\/uploads\/2022\/09\/Foto3-300x200.jpg 300w, https:\/\/www.godsutera.it\/wp-content\/uploads\/2022\/09\/Foto3-768x512.jpg 768w, https:\/\/www.godsutera.it\/wp-content\/uploads\/2022\/09\/Foto3-1536x1023.jpg 1536w, https:\/\/www.godsutera.it\/wp-content\/uploads\/2022\/09\/Foto3-174x116.jpg 174w, https:\/\/www.godsutera.it\/wp-content\/uploads\/2022\/09\/Foto3.jpg 1600w\" sizes=\"auto, (max-width: 1024px) 100vw, 1024px\" \/><figcaption>Davanti agli affreschi della Cappella di San Marco<\/figcaption><\/figure>\n\n\n<p align=\"justify\">Alla fine del convegno i presenti si sono spostati sul luogo degli affreschi assistendo ad una semplice cerimonia di inaugurazione con la benedizione ai presenti dell\u2019Arciprete Padre Leonardo che ha espresso il suo parere sulla collocazione fisica della cappella di San Marco, ipotizzando una pi\u00f9 grande chiesa nel pianoro.<\/p>\n\n\n<figure class=\"wp-block-image size-large\"><img loading=\"lazy\" decoding=\"async\" width=\"1024\" height=\"681\" src=\"https:\/\/www.godsutera.it\/wp-content\/uploads\/2022\/09\/Foto4-1-1024x681.jpg\" alt=\"\" class=\"wp-image-2439\" srcset=\"https:\/\/www.godsutera.it\/wp-content\/uploads\/2022\/09\/Foto4-1-1024x681.jpg 1024w, https:\/\/www.godsutera.it\/wp-content\/uploads\/2022\/09\/Foto4-1-300x200.jpg 300w, https:\/\/www.godsutera.it\/wp-content\/uploads\/2022\/09\/Foto4-1-768x511.jpg 768w, https:\/\/www.godsutera.it\/wp-content\/uploads\/2022\/09\/Foto4-1-174x116.jpg 174w, https:\/\/www.godsutera.it\/wp-content\/uploads\/2022\/09\/Foto4-1.jpg 1442w\" sizes=\"auto, (max-width: 1024px) 100vw, 1024px\" \/><\/figure>\n\n\n<p>La posizione spettacolare dove \u00e8 ubicata la Cappella, il rinfresco, l\u2019impianto luci che ha permesso una illuminazione sin dopo il tramonto, hanno completato la soddisfazione di chi ha creduto in questo progetto e ha dimostrato il vero attaccamento alla comunit\u00e0 suterese.<\/p>\n\n\n<figure class=\"wp-block-embed is-type-video is-provider-youtube wp-block-embed-youtube wp-embed-aspect-16-9 wp-has-aspect-ratio\"><div class=\"wp-block-embed__wrapper\">\n<div class=\"epyt-video-wrapper\"><iframe loading=\"lazy\"  id=\"_ytid_72751\"  width=\"1140\" height=\"641\"  data-origwidth=\"1140\" data-origheight=\"641\" src=\"https:\/\/www.youtube.com\/embed\/mk3q-u4lxSQ?enablejsapi=1&#038;autoplay=0&#038;cc_load_policy=0&#038;cc_lang_pref=&#038;iv_load_policy=1&#038;loop=0&#038;rel=0&#038;fs=1&#038;playsinline=0&#038;autohide=2&#038;theme=dark&#038;color=red&#038;controls=1&#038;disablekb=0&#038;\" class=\"__youtube_prefs__  epyt-is-override  no-lazyload\" title=\"YouTube player\"  allow=\"fullscreen; accelerometer; autoplay; clipboard-write; encrypted-media; gyroscope; picture-in-picture; web-share\" referrerpolicy=\"strict-origin-when-cross-origin\" allowfullscreen data-no-lazy=\"1\" data-skipgform_ajax_framebjll=\"\"><\/iframe><\/div>\n<\/div><figcaption>La presentazione e l&#8217;inaugurazione dei lavori di restauro degli affreschi della Cappella di San Marco a Sutera<\/figcaption><\/figure>\n","protected":false},"excerpt":{"rendered":"<p>Si \u00e8 svolta gioved\u00ec 18 agosto 2022 all\u2019Auditorium Comunale di Sutera, la presentazione dei lavori di restauro della Cappella rupestre &hellip; <a href=\"https:\/\/www.godsutera.it\/index.php\/2022\/08\/19\/presentazione-del-restauro\/\" class=\"more-link\">Continue reading <span class=\"screen-reader-text\">Presentazione del Restauro<\/span><\/a><\/p>\n","protected":false},"author":3,"featured_media":0,"comment_status":"closed","ping_status":"closed","sticky":false,"template":"","format":"standard","meta":{"footnotes":""},"categories":[153,154,167],"tags":[162,161,169,160],"class_list":["post-2426","post","type-post","status-publish","format-standard","hentry","category-arte-1","category-cultura-1","category-restauro","tag-affreschi","tag-cappella-san-marco","tag-restauro","tag-sutera"],"_links":{"self":[{"href":"https:\/\/www.godsutera.it\/index.php\/wp-json\/wp\/v2\/posts\/2426","targetHints":{"allow":["GET"]}}],"collection":[{"href":"https:\/\/www.godsutera.it\/index.php\/wp-json\/wp\/v2\/posts"}],"about":[{"href":"https:\/\/www.godsutera.it\/index.php\/wp-json\/wp\/v2\/types\/post"}],"author":[{"embeddable":true,"href":"https:\/\/www.godsutera.it\/index.php\/wp-json\/wp\/v2\/users\/3"}],"replies":[{"embeddable":true,"href":"https:\/\/www.godsutera.it\/index.php\/wp-json\/wp\/v2\/comments?post=2426"}],"version-history":[{"count":5,"href":"https:\/\/www.godsutera.it\/index.php\/wp-json\/wp\/v2\/posts\/2426\/revisions"}],"predecessor-version":[{"id":2442,"href":"https:\/\/www.godsutera.it\/index.php\/wp-json\/wp\/v2\/posts\/2426\/revisions\/2442"}],"wp:attachment":[{"href":"https:\/\/www.godsutera.it\/index.php\/wp-json\/wp\/v2\/media?parent=2426"}],"wp:term":[{"taxonomy":"category","embeddable":true,"href":"https:\/\/www.godsutera.it\/index.php\/wp-json\/wp\/v2\/categories?post=2426"},{"taxonomy":"post_tag","embeddable":true,"href":"https:\/\/www.godsutera.it\/index.php\/wp-json\/wp\/v2\/tags?post=2426"}],"curies":[{"name":"wp","href":"https:\/\/api.w.org\/{rel}","templated":true}]}}