{"id":2376,"date":"2022-01-05T13:15:50","date_gmt":"2022-01-05T11:15:50","guid":{"rendered":"https:\/\/www.godsutera.it\/?p=2376"},"modified":"2022-01-05T20:13:41","modified_gmt":"2022-01-05T18:13:41","slug":"convegno-per-una-nuova-lettura-degli-affreschi-di-san-marco","status":"publish","type":"post","link":"https:\/\/www.godsutera.it\/index.php\/2022\/01\/05\/convegno-per-una-nuova-lettura-degli-affreschi-di-san-marco\/","title":{"rendered":"Convegno &#8220;Per una nuova lettura degli affreschi di San Marco&#8221;"},"content":{"rendered":"<p>Il Convegno &#8220;Per una nuova lettura degli affreschi di San Marco&#8221; sar\u00e0 presto realt\u00e0. L&#8217;associazione &#8220;Gruppo Onuri e Dignit\u00e0&#8221; ha lavorato duramente per organizzare questo evento e finalmente possiamo condividere con voi tutte le informazioni necessarie.<!--more--><\/p>\n<p>Innanzitutto, l&#8217;evento in questione avr\u00e0 luogo nei locali dell&#8217;Auditorium Comunale di Sutera, il 15 Gennaio 2022 alle ore 16.00. Considerando le restrizioni da ricondurre alla pandemia in corso, tuttavia, l&#8217;ingresso sar\u00e0 consentito soltanto a chi ha ricevuto l&#8217;invito e sar\u00e0 munito di Green Pass Rafforzato che sar\u00e0 controllato prima dell&#8217;ingresso ai locali dell&#8217;Auditorium Comunale tramite l&#8217;app nazionale VerificaC19.<\/p>\n<p>Siamo davvero dispiaciuti di queste limitazioni indipendenti dalla nostra volont\u00e0. Avremmo voluto, infatti, garantire a tutti la possibilit\u00e0 di partecipare al convegno in presenza, ma abbiamo trovato una soluzione che potrebbe accontentare tutti gli interessati: la diretta facebook sul profilo della nostra associazione visibile anche ai non iscritti al social network <a href=\"https:\/\/www.facebook.com\/godsutera\" target=\"_blank\" rel=\"noopener\">Facebook GODSutera<\/a><\/p>\n<p>Sar\u00e0 un&#8217;occasione unica per conoscere meglio lo stato del restauro della Cappella di San Marco e ci\u00f2 che \u00e8 emerso dal lavoro fatto fino ad adesso, grazie ai preziosi interventi che si susseguiranno nel corso del convegno.<\/p>\n<p>A prendere la parola, per l&#8217;occasione, sar\u00e0 soprattutto il prof. Vittorio Rizzone, archeologo cristiano e medievalista, che presenter\u00e0 la sua relazione contenente le considerazioni riguardanti la Cappella ed i suoi affreschi. Non mancheranno, tuttavia, anche gli interventi del Presidente della G.O.D. Pino Chiparo, del Sindaco Giuseppe Grizzanti, dell&#8217;Assessore al Turismo Pietro Alongi, della Soprintendente ai Beni Culturali di Caltanissetta Daniela Vullo, della restauratrice Belinda Giambra e del proprietario del sito Vincenzo Turone. A moderare il convegno sar\u00e0 il dott. Nino Pardi, socio e tesoriere dell&#8217;associazione.<\/p>\n<p>Non vogliamo rovinare la sorpresa, ma possiamo comunque rivelare gi\u00e0 da adesso che da queste prime fasi del restauro sono emerse delle novit\u00e0 incredibili riguardo non solo l&#8217;interpretazione degli affreschi ma anche quella che potrebbe essere la loro collocazione temporale.<\/p>\n<p>Oltre quindi a consigliare di seguire l&#8217;evento, vogliamo anche ricordare che la nostra Associazione ha dato il via, nel 2020, ad una campagna di donazioni per finanziare il restauro della Cappella di San Marco e dei preziosissimi affreschi che contiene. Potete ancora donare a questo link: <a href=\"https:\/\/gofund.me\/d96ecb47\" target=\"_blank\" rel=\"noopener\">GoFundMe per gli Affreschi di San Marco a Sutera<\/a><span style=\"color: #ff0000;\"><br><\/span><\/p>\n<p><strong>Segnatevi quindi questo importante appuntamento: il 15 Gennaio 2022, ore 16.00, in diretta sulla nostra pagina Facebook.<\/strong><\/p>\n<p>Non mancate!<\/p>\n\n\n<figure class=\"wp-block-image size-large\"><img loading=\"lazy\" decoding=\"async\" width=\"724\" height=\"1024\" src=\"https:\/\/www.godsutera.it\/wp-content\/uploads\/2022\/01\/LocandinaConvegno15Gennaio2022-724x1024.jpg\" alt=\"\" class=\"wp-image-2377\" srcset=\"https:\/\/www.godsutera.it\/wp-content\/uploads\/2022\/01\/LocandinaConvegno15Gennaio2022-724x1024.jpg 724w, https:\/\/www.godsutera.it\/wp-content\/uploads\/2022\/01\/LocandinaConvegno15Gennaio2022-212x300.jpg 212w, https:\/\/www.godsutera.it\/wp-content\/uploads\/2022\/01\/LocandinaConvegno15Gennaio2022-768x1086.jpg 768w, https:\/\/www.godsutera.it\/wp-content\/uploads\/2022\/01\/LocandinaConvegno15Gennaio2022-1086x1536.jpg 1086w, https:\/\/www.godsutera.it\/wp-content\/uploads\/2022\/01\/LocandinaConvegno15Gennaio2022-82x116.jpg 82w, https:\/\/www.godsutera.it\/wp-content\/uploads\/2022\/01\/LocandinaConvegno15Gennaio2022.jpg 1131w\" sizes=\"auto, (max-width: 724px) 100vw, 724px\" \/><figcaption>L&#8217;Ass. &#8220;Gruppo Onuri e Dignit\u00e0&#8221; presenta &#8220;Per una nuova lettura degli affreschi di San Marco&#8221;, 15 Gennaio 2022<\/figcaption><\/figure>\n\n\n\n<p><\/p>\n","protected":false},"excerpt":{"rendered":"<p>Il Convegno &#8220;Per una nuova lettura degli affreschi di San Marco&#8221; sar\u00e0 presto realt\u00e0. L&#8217;associazione &#8220;Gruppo Onuri e Dignit\u00e0&#8221; ha &hellip; <a href=\"https:\/\/www.godsutera.it\/index.php\/2022\/01\/05\/convegno-per-una-nuova-lettura-degli-affreschi-di-san-marco\/\" class=\"more-link\">Continue reading <span class=\"screen-reader-text\">Convegno &#8220;Per una nuova lettura degli affreschi di San Marco&#8221;<\/span><\/a><\/p>\n","protected":false},"author":5,"featured_media":0,"comment_status":"closed","ping_status":"closed","sticky":false,"template":"","format":"standard","meta":{"footnotes":""},"categories":[167],"tags":[162,161,174,160,175],"class_list":["post-2376","post","type-post","status-publish","format-standard","hentry","category-restauro","tag-affreschi","tag-cappella-san-marco","tag-convegno","tag-sutera","tag-vittorio-rizzone"],"_links":{"self":[{"href":"https:\/\/www.godsutera.it\/index.php\/wp-json\/wp\/v2\/posts\/2376","targetHints":{"allow":["GET"]}}],"collection":[{"href":"https:\/\/www.godsutera.it\/index.php\/wp-json\/wp\/v2\/posts"}],"about":[{"href":"https:\/\/www.godsutera.it\/index.php\/wp-json\/wp\/v2\/types\/post"}],"author":[{"embeddable":true,"href":"https:\/\/www.godsutera.it\/index.php\/wp-json\/wp\/v2\/users\/5"}],"replies":[{"embeddable":true,"href":"https:\/\/www.godsutera.it\/index.php\/wp-json\/wp\/v2\/comments?post=2376"}],"version-history":[{"count":6,"href":"https:\/\/www.godsutera.it\/index.php\/wp-json\/wp\/v2\/posts\/2376\/revisions"}],"predecessor-version":[{"id":2384,"href":"https:\/\/www.godsutera.it\/index.php\/wp-json\/wp\/v2\/posts\/2376\/revisions\/2384"}],"wp:attachment":[{"href":"https:\/\/www.godsutera.it\/index.php\/wp-json\/wp\/v2\/media?parent=2376"}],"wp:term":[{"taxonomy":"category","embeddable":true,"href":"https:\/\/www.godsutera.it\/index.php\/wp-json\/wp\/v2\/categories?post=2376"},{"taxonomy":"post_tag","embeddable":true,"href":"https:\/\/www.godsutera.it\/index.php\/wp-json\/wp\/v2\/tags?post=2376"}],"curies":[{"name":"wp","href":"https:\/\/api.w.org\/{rel}","templated":true}]}}