{"id":2227,"date":"2020-12-05T12:11:00","date_gmt":"2020-12-05T10:11:00","guid":{"rendered":"https:\/\/www.godsutera.it\/?p=2227"},"modified":"2021-12-05T16:04:21","modified_gmt":"2021-12-05T14:04:21","slug":"novita-nel-prosieguo-del-restauro-nella-cappella-di-san-marco","status":"publish","type":"post","link":"https:\/\/www.godsutera.it\/index.php\/2020\/12\/05\/novita-nel-prosieguo-del-restauro-nella-cappella-di-san-marco\/","title":{"rendered":"Novit\u00e0 nel prosieguo del restauro nella Cappella di San Marco"},"content":{"rendered":"<p>Gli anni 2020 e 2021 saranno ricordati da tutti sicuramente per l\u2019emergenza epidemiologica da COVID 19. Per noi della G.O.D. saranno \u201canche\u201d gli anni durante i quali abbiamo avviato i lavori di restauro degli affreschi presenti nella cappella rupestre di San Marco, con l\u2019aiuto di tutti coloro che hanno mostrato grande sensibilit\u00e0, interesse ed amore<!--more--> per il territorio e per le bellezze in essa custodite.<\/p>\n\n\n<p>L\u2019azione di restauro avviata ed in corso di svolgimento rappresenta una grande soddisfazione per il risultato gi\u00e0 ottenuto che consentir\u00e0 la salvaguardia dal degrado e la restituzione alla Comunit\u00e0 degli affreschi.<\/p>\n\n\n\n<p>Durante questo duro e particolare periodo di riflessione che stiamo passando, si sono continuate a cercare nuove spinte propulsive e di interesse affinch\u00e9, il sito di Monte San Marco, diventasse un particolare punto di riferimento e di ripartenza per la Nostra comunit\u00e0 in considerazione che la cultura pu\u00f2 e deve essere sempre di pi\u00f9 fonte di sviluppo locale.<\/p>\n\n\n\n<p>Come da impegno assunto si sta cercando, concretamente, di attirare l\u2019attenzione di nuovi portatori di interesse sia sulla Cappella rupestre che sull\u2019area archeologica in cui insiste, affinch\u00e9 al recupero, possa seguire un percorso di inserimento dell\u2019intera area nei circuiti turistici e\/o di studio, vetrina, che il sito indubbiamente merita.<\/p>\n\n\n\n<p>E\u2019 questo desiderio di non lasciare, fine a se stesso, il lavoro di restauro avviato, che ci ha portato a contattare il prof. Giuseppe Montana esperto in materia e docente del Dipartimento di Scienze della Terra e del Mare &#8211; Facolt\u00e0 di Scienze MM.FF.NN. dell\u2019Universit\u00e0 di Palermo per il settore scientifico-disciplinare che, gi\u00e0 in precedenza, a titolo personale, aveva partecipato ad alcune escursioni di primavera svolte, anni addietro, nel territorio di Sutera. Il Professore, da subito, si \u00e8 mostrato entusiasta e fortemente interessato al sito archeologico ed al materiale ivi presente, nonch\u00e9 allo studio morfologico della malta e dei pigmenti utilizzati per la realizzazione degli affreschi e gi\u00e0 oggetto di suoi attuali studi, congiuntamente ad altri suoi colleghi.<\/p>\n\n\n\n<p>Nelle diverse riunioni di organizzazione, rigorosamente on-line, alle quali abbiamo partecipato noi della G.O.D., il Comune di Sutera, la Soprintendenza di Caltanissetta, il Proprietario del sito e la Restauratrice incaricata, moderati dall\u2019Arch. Emilia Pardi, che ringraziamo per il suo attivo apporto al progetto, \u00e8 stato deciso di estendere la convenzione, gi\u00e0 in essere, coinvolgendo anche l\u2019Universit\u00e0 degli Studi di Palermo che si impegner\u00e0 a dare il suo contributo di ricerca e studio sulla tipologia di affresco, sui materiali utilizzati e sull\u2019intero sito archeologico interessato. Un ulteriore contributo consister\u00e0 anche negli studi specifici che interesseranno l\u2019intera area e che potranno portare alla realizzazione di pubblicazioni scientifiche da divulgare a livello nazionale ed europeo. Inoltre sar\u00e0 analizzato il materiale \u201cgesso\u201d, predominante del luogo, con approfondimenti e studi sulla creazione di nuove malte 2.0 ecosostenibili a scarso impatto ambientale che potranno essere create dallo stesso gesso ed utilizzate nelle costruzioni in un prossimo futuro.<\/p>\n\n\n\n<p>Se tutto andr\u00e0 bene come ci auguriamo, \u201clocalit\u00e0 San Marco\u201d potr\u00e0 diventare luogo di ricerca, un vero laboratorio di studio \u201cin loco\u201d sul quale potranno confluire ricercatori interessati a creare innovazione ed a studiare i beni geologici-geomorfologici presenti nel territorio intesi quali elementi di pregio scientifico e ambientale del patrimonio paesaggistico: scenari che qualche mese addietro era solamente un\u2019utopia immaginare potessero accadere. Le basi sono state gettate.<\/p>\n\n\n\n<p>Dopo aver acquisito il risultato della verifica sull\u2019opera attraverso il lavoro di analisi effettuato con il termo scanner, in accordo e su suggerimento della restauratrice incaricata dei lavori, \u00e8 stato affidato al laboratorio di rilievi scientifici \u201cGeolab\u201d, con sede a Carini (PA), altamente quotato in campo Nazionale ed Europeo per la capacit\u00e0 strutturale e per la professionalit\u00e0 riconosciuta al suo personale, anche un ulteriore incarico di effettuare, mediante l\u2019utilizzo di moderne apparecchiature, indagini diagnostiche in situ propedeutiche al restauro degli affreschi; pi\u00f9 specificatamente la Geolab dovr\u00e0 verificare la \u201ccaratterizzazione in situ dei pigmenti pittorici mediante spettrometria di florescenza per portatile, analisi in laboratorio su campioni di intonaco, forme di alterazione e pellicole pittoriche mediante osservazioni al microscopio ottico ed al microscopio a scansione su sezioni trasversali lucide compresa relazione interpretativa delle indagini e relativa documentazione grafica e fotografica \u201c, che permetter\u00e0 di effettuare dei rilievi e delle sezioni specifiche, consentendo anche di avere una datazione certa del periodo a cui risalgono gli affreschi, la presenza di ulteriori \u201copere\u201d al di sotto dei dipinti, lo studio dei materiali utilizzati e la loro composizione.<\/p>\n\n\n\n<p>Incrociamo le dita ed andiamo avanti in quest\u2019importante opera avviata. Sar\u00e0 nostra cura fornire costanti aggiornamenti sul prosieguo dei lavori.<\/p>\n\n\n\n<p>Grazie sempre a tutti coloro che continueranno ad interessarsi per la riuscita dell\u2019iniziativa insieme a noi della G.O.D. ed a chi ha creduto nel progetto, l\u2019ha appoggiato e continuer\u00e0 a farlo attraverso qualunque modalit\u00e0 di collaborazione, economica, umana, intellettiva, e collaborativa.<\/p>\n\n\n\n<p>Come ho gi\u00e0 fatto presente credo che, quanto in programma, sia un generoso e doveroso impegno che dobbiamo alle generazioni future.<\/p>\n\n\n\n<p>Il Presidente G.O.D.<br>Arch. Pino Chiparo<\/p>\n\n\n\nTratto da <a href=\"https:\/\/www.lavocedicampofranco.it\" target=\"_blank\" rel=\"noopener\">La Voce di Campofranco<\/a>, numero 517 <a href=\"https:\/\/www.lavocedicampofranco.it\/517_su_1.html\" target=\"_blank\" rel=\"noopener\">Link<\/a>\n","protected":false},"excerpt":{"rendered":"<p>Gli anni 2020 e 2021 saranno ricordati da tutti sicuramente per l\u2019emergenza epidemiologica da COVID 19. Per noi della G.O.D. &hellip; <a href=\"https:\/\/www.godsutera.it\/index.php\/2020\/12\/05\/novita-nel-prosieguo-del-restauro-nella-cappella-di-san-marco\/\" class=\"more-link\">Continue reading <span class=\"screen-reader-text\">Novit\u00e0 nel prosieguo del restauro nella Cappella di San Marco<\/span><\/a><\/p>\n","protected":false},"author":4,"featured_media":0,"comment_status":"closed","ping_status":"closed","sticky":false,"template":"","format":"standard","meta":{"footnotes":""},"categories":[167],"tags":[162,169,160],"class_list":["post-2227","post","type-post","status-publish","format-standard","hentry","category-restauro","tag-affreschi","tag-restauro","tag-sutera"],"_links":{"self":[{"href":"https:\/\/www.godsutera.it\/index.php\/wp-json\/wp\/v2\/posts\/2227","targetHints":{"allow":["GET"]}}],"collection":[{"href":"https:\/\/www.godsutera.it\/index.php\/wp-json\/wp\/v2\/posts"}],"about":[{"href":"https:\/\/www.godsutera.it\/index.php\/wp-json\/wp\/v2\/types\/post"}],"author":[{"embeddable":true,"href":"https:\/\/www.godsutera.it\/index.php\/wp-json\/wp\/v2\/users\/4"}],"replies":[{"embeddable":true,"href":"https:\/\/www.godsutera.it\/index.php\/wp-json\/wp\/v2\/comments?post=2227"}],"version-history":[{"count":3,"href":"https:\/\/www.godsutera.it\/index.php\/wp-json\/wp\/v2\/posts\/2227\/revisions"}],"predecessor-version":[{"id":2260,"href":"https:\/\/www.godsutera.it\/index.php\/wp-json\/wp\/v2\/posts\/2227\/revisions\/2260"}],"wp:attachment":[{"href":"https:\/\/www.godsutera.it\/index.php\/wp-json\/wp\/v2\/media?parent=2227"}],"wp:term":[{"taxonomy":"category","embeddable":true,"href":"https:\/\/www.godsutera.it\/index.php\/wp-json\/wp\/v2\/categories?post=2227"},{"taxonomy":"post_tag","embeddable":true,"href":"https:\/\/www.godsutera.it\/index.php\/wp-json\/wp\/v2\/tags?post=2227"}],"curies":[{"name":"wp","href":"https:\/\/api.w.org\/{rel}","templated":true}]}}