{"id":2221,"date":"2020-09-30T11:36:00","date_gmt":"2020-09-30T09:36:00","guid":{"rendered":"https:\/\/www.godsutera.it\/?p=2221"},"modified":"2021-12-05T16:07:50","modified_gmt":"2021-12-05T14:07:50","slug":"saranno-restaurate-li-figureddri-della-cappella-di-san-marco","status":"publish","type":"post","link":"https:\/\/www.godsutera.it\/index.php\/2020\/09\/30\/saranno-restaurate-li-figureddri-della-cappella-di-san-marco\/","title":{"rendered":"Saranno restaurate \u201cLi Figureddri\u201d della Cappella di San Marco."},"content":{"rendered":"<p>Luned\u00ec 28 settembre 2020 alle ore 11,30 presso i locali del Museo Etnoantropologico di Sutera, alla presenza della Soprintendente ai Beni Culturali di Caltanissetta, arch. Vullo Daniela che ha fortemente voluto la manifestazione, del Sindaco dott. Grizzanti Salvatore in rappresentanza dell\u2019Amministrazione, del Presidente dell\u2019Associazione GOD, arch. Pino Chiparo, promotrice dell\u2019iniziativa, della Restauratrice<!--more--> incaricata di effettuare l\u2019intervento, dott.ssa Belinda Giambra e di numerosi concittadini e addetti interessati, si \u00e8 svolta la conferenza stampa di presentazione dei lavori di restauro degli affreschi, per noi Suteresi \u201cLi Figureddri\u201d, presenti nella cappella rupestre ubicata in localit\u00e0 San Marco.<\/p>\n\n\n<p>Il Sindaco ha dato l\u2019avvio alla conferenza porgendo i saluti di rito agli intervenuti ed agli ospiti presenti ringraziando l\u2019Ass. GOD alla quale va il merito di avere attenzionato il problema e di avere avuto l\u2019intuizione giusta per una soluzione immediata. Ha proseguito con una sintetica presentazione sull\u2019iniziativa intrapresa che ha specificato, non pi\u00f9 rimandabile per ovvi motivi di degrado in cui oggi versa l\u2019opera. Infine ha ringraziato il Dott. Nino Pardi, socio della GOD, che durante il suo mandato di Assessore si \u00e8 dedicato alla cappella ed il sito in generale ed ha concluso il suo intervento con i ringraziamenti per la relazione storica predisposta da parte dello Storico locale dott. Calogero Ferlisi, attuale Presidente del TAR Sicilia, richiesta a corredo del progetto di restauro.<\/p>\n\n\n\n<p>A seguire l\u2019intervento del Presidente dell\u2019Associazione GOD il quale ha sottolineato che con il rilascio del Nulla-Osta da parte della Soprintendenza ai Beni Culturali ed Ambientali e con la comunicazione dell\u2019avvio dei lavori di restauro un importante passo \u00e8 stato compiuto nel percorso avviato per il recupero degli affreschi presenti all\u2019interno della Cappella di San Marco. Un progetto di restauro, ha proseguito, \u00e8 frutto di un sempre presente interesse ed amore per il territorio e per le bellezze che esso custodisce. L\u2019Arch Chiparo nel suo intervento ha espresso una grande soddisfazione per il risultato ottenuto che consentir\u00e0 la salvaguardia dal degrado e la restituzione alla Comunit\u00e0 degli affreschi la cui realizzazione \u00e8 di difficile datazione ma che, ad oggi, vengono attributi ai frati Basiliani presenti nel territorio intorno al IV- VI secolo D.C..<\/p>\n\n\n\n<p>Nella relazione \u00e8 stata evidenziata la grande collaborazione che ha coinvolto l\u2019Associazione GOD, la Soprintendenza ai Beni Culturali, l\u2019Amministrazione Comunale, il Proprietario dell\u2019area su cui insiste la cappella, sig. Turone Vincenzo, i Testimonial che hanno aderito con entusiasmo all\u2019iniziativa, le persone interessate in questi anni di propaganda fatta durante le numerose visite svolte e che hanno dimostrato sensibilit\u00e0 al progetto ed i Cittadini di Sutera residenti e sparsi nel mondo. Si \u00e8 riusciti ad innescare un circolo virtuoso di coinvolgimento delle varie componenti riuscendo a raccogliere contributi per l\u2019intervento donati da privati cittadini, commercianti, artigiani, professionisti ed imprese, da enti ed associazioni varie, sensibili ed interessate alla risoluzione della problematica evidenziata.<\/p>\n\n\n\n<p>Nel suo intervento la Soprintendente ha sottolineato la bellezza architettonica del sito San Marco, indicato come culla della Citt\u00e0 di Sutera e degli affreschi presenti nella cappella rupestre, vanto del territorio Provinciale. Ha evidenziato, altres\u00ec, che la Soprintendenza di Caltanissetta, ai fini della salvaguardia del bene, gi\u00e0 nel novembre 2015, con apposito decreto, ha vincolato il Santuario Rupestre di contrada San Marco. E\u2019 stata felicissima per avere contribuito e coordinato l\u2019accordo raggiunto tra le componenti in causa Ass. G.O.D., Proprietario ed Amministrazione, che ha portato al rilascio del Nulla-Osta per il progetto di restauro. Ha concluso il suo intervento elogiando la GOD e la Comunit\u00e0 suterese che con queste iniziative fa trasparire l\u2019interesse e l\u2019attaccamento verso il proprio territorio e nei confronti delle numerose pregevoli opere d\u2019arte, ivi presenti. In ultimo ha ricordato anche l\u2019attenzione mostrata verso il territorio con l\u2019avvio di appositi scavi sulla sommit\u00e0 del Monte San Paolino alla ricerca del Castello menzionato in numerose testimonianze pervenuteci e citato negli scritti storici redatti.<\/p>\n\n\n\n<p>Nel suo intervento la restauratrice ha posto l\u2019accento sugli aspetti tecnici del restauro sottolineando le varie fasi del lavoro programmato: rilevazione con termo scanner, macro e micro fotografia, fotografia a fluorescenza. Successivamente proseguir\u00e0 con spolveratura, velinatura, pulitura e trattamento dei bordi della malta. L\u2019inizio dei lavori preliminari lo ha fissato per la seconda decade di ottobre 2020 con il completamento previsto nella tarda primavera 2021. Con soddisfazione di tutti ha riferito che gli affreschi, nonostante l\u2019impressione visiva, non si trovano in pessime condizioni, ne ha visto molti di pi\u00f9 danneggiati e questo, certamente, \u00e8 anche merito della comunit\u00e0 suterese che ha creato delle opere murarie a salvaguardia impedendone la vandalizzazione e l\u2019attacco climatico.<\/p>\n\n\n\n<p>Prima della chiusura della conferenza anche il nostro Arciprete, Padre Leonardo Mancuso, presente all\u2019evento, \u00e8 intervenuto complimentandosi per l\u2019iniziativa intrapresa e richiedendo l\u2019interesse a fare uno studio pi\u00f9 completo in tutta l\u2019area dove insiste la cappella rupestre, in quanto dagli studi e dalle sue conoscenze, \u00e8 convinto che sicuramente emergerebbero altre scoperte interessanti le quali servirebbero a ricostruire la presenza cristiana a Sutera e nel suo territorio per diverso tempo controllato da altre culture e popoli.<\/p>\n\n\n\n<p>La nostra speranza \u00e8 adesso che la Cappella rupestre e l\u2019area archeologica in cui insiste, attirino l\u2019attenzione di nuovi portatori di interesse locale affinch\u00e9 al recupero segua un percorso di inserimento dell\u2019intera area nei circuiti turistici, vetrina che il sito indubbiamente merita. E\u2019 necessaria adesso una spinta propulsiva anche all\u2019economia perch\u00e9 la cultura pu\u00f2 e deve essere sempre di pi\u00f9 fonte di sviluppo locale.<\/p>\n\n\n\n<p>Riuscire a salvare dal degrado e dall\u2019incuria gli affreschi, fino a qualche tempo fa, era ritenuta solo un\u2019utopia vista la scarsa presenza di fondi pubblici, cui attingere. Non smetteremo mai di ringraziare chi ha creduto nell\u2019iniziativa e l\u2019ha appoggiata con un tangibile contributo e a tutti coloro che continueranno a donare ed offrire risorse finanziarie ed interesse umano sino a raggiungere l\u2019importo necessario stabilito dai tecnici, per portare avanti ed ultimare il lavoro programmato. Ancora per qualche po\u2019 di tempo si possono effettuare donazioni tramite il sito <a rel=\"noreferrer noopener\" href=\"http:\/\/www.gofundme.com\" target=\"_blank\">www.gofundme.com<\/a> cercando la \u201ccappella San Marco di Sutera\u201d oppure contattando il 320.0733942.<\/p>\n\n\n\n<p>Concludo con l\u2019invito rivolto a tutti coloro che sono sensibili al problema e all\u2019iniziativa a continuare nelle donazioni, mettendo a disposizione quel che possono per la causa della cappella e per questo territorio. E\u2019 un impegno che dobbiamo alle generazioni future.<\/p>\n\n\n\n<p>Pino Chiparo<\/p>\n\n\n\nTratto da <a href=\"https:\/\/www.lavocedicampofranco.it\" target=\"_blank\" rel=\"noopener\">La Voce di Campofranco<\/a>, numero 515 <a href=\"https:\/\/www.lavocedicampofranco.it\/515_su_2.html\" target=\"_blank\" rel=\"noopener\">Link<\/a>\n","protected":false},"excerpt":{"rendered":"<p>Luned\u00ec 28 settembre 2020 alle ore 11,30 presso i locali del Museo Etnoantropologico di Sutera, alla presenza della Soprintendente ai &hellip; <a href=\"https:\/\/www.godsutera.it\/index.php\/2020\/09\/30\/saranno-restaurate-li-figureddri-della-cappella-di-san-marco\/\" class=\"more-link\">Continue reading <span class=\"screen-reader-text\">Saranno restaurate \u201cLi Figureddri\u201d della Cappella di San Marco.<\/span><\/a><\/p>\n","protected":false},"author":4,"featured_media":0,"comment_status":"closed","ping_status":"closed","sticky":false,"template":"","format":"standard","meta":{"footnotes":""},"categories":[167],"tags":[162,169,160],"class_list":["post-2221","post","type-post","status-publish","format-standard","hentry","category-restauro","tag-affreschi","tag-restauro","tag-sutera"],"_links":{"self":[{"href":"https:\/\/www.godsutera.it\/index.php\/wp-json\/wp\/v2\/posts\/2221","targetHints":{"allow":["GET"]}}],"collection":[{"href":"https:\/\/www.godsutera.it\/index.php\/wp-json\/wp\/v2\/posts"}],"about":[{"href":"https:\/\/www.godsutera.it\/index.php\/wp-json\/wp\/v2\/types\/post"}],"author":[{"embeddable":true,"href":"https:\/\/www.godsutera.it\/index.php\/wp-json\/wp\/v2\/users\/4"}],"replies":[{"embeddable":true,"href":"https:\/\/www.godsutera.it\/index.php\/wp-json\/wp\/v2\/comments?post=2221"}],"version-history":[{"count":3,"href":"https:\/\/www.godsutera.it\/index.php\/wp-json\/wp\/v2\/posts\/2221\/revisions"}],"predecessor-version":[{"id":2263,"href":"https:\/\/www.godsutera.it\/index.php\/wp-json\/wp\/v2\/posts\/2221\/revisions\/2263"}],"wp:attachment":[{"href":"https:\/\/www.godsutera.it\/index.php\/wp-json\/wp\/v2\/media?parent=2221"}],"wp:term":[{"taxonomy":"category","embeddable":true,"href":"https:\/\/www.godsutera.it\/index.php\/wp-json\/wp\/v2\/categories?post=2221"},{"taxonomy":"post_tag","embeddable":true,"href":"https:\/\/www.godsutera.it\/index.php\/wp-json\/wp\/v2\/tags?post=2221"}],"curies":[{"name":"wp","href":"https:\/\/api.w.org\/{rel}","templated":true}]}}